{"id":1869,"date":"2021-02-03T10:24:33","date_gmt":"2021-02-03T09:24:33","guid":{"rendered":"http:\/\/piaer.net\/?p=1869"},"modified":"2021-02-03T10:24:34","modified_gmt":"2021-02-03T09:24:34","slug":"theory-espresso-mit-torsten-meyer-curatorial-turn","status":"publish","type":"post","link":"https:\/\/piaer.net\/en\/theory-espresso-mit-torsten-meyer-curatorial-turn\/","title":{"rendered":"THEORY ESPRESSO mit Torsten Meyer: \u201cCuratorial Turn\u201d"},"content":{"rendered":"<figure class=\"wp-block-embed-vimeo wp-block-embed is-type-video is-provider-vimeo wp-embed-aspect-16-9 wp-has-aspect-ratio\"><div class=\"wp-block-embed__wrapper\">\n<iframe loading=\"lazy\" title=\"THEORY ESPRESSO: Torsten Meyer &amp;quot;Curatorial Turn&amp;quot;\" src=\"https:\/\/player.vimeo.com\/video\/408406871?dnt=1&amp;app_id=122963\" width=\"1080\" height=\"608\" frameborder=\"0\" allow=\"autoplay; fullscreen; picture-in-picture\" allowfullscreen><\/iframe>\n<\/div><\/figure>\n\n\n\n<p>Welche Bedeutung hat der Curatorial Turn f\u00fcr die Kunstp\u00e4dagogik? Welche M\u00f6glichkeiten er\u00f6ffnen sich dank der Perspektivverschiebung vom Kurator zum Metak\u00fcnstler auch f\u00fcr das Unterrichtsfach Kunst? Torsten Meyer skizziert seine Idee des Curatorial Turn in der Kunstp\u00e4dagogik und l\u00e4dt zum weiteren Diskurs ein.<\/p>","protected":false},"excerpt":{"rendered":"<p>Welche Bedeutung hat der Curatorial Turn f\u00fcr die Kunstp\u00e4dagogik? Welche M\u00f6glichkeiten er\u00f6ffnen sich dank der Perspektivverschiebung vom Kurator zum Metak\u00fcnstler auch f\u00fcr das Unterrichtsfach Kunst? Torsten Meyer skizziert seine Idee des Curatorial Turn in der Kunstp\u00e4dagogik und l\u00e4dt zum weiteren Diskurs ein.<\/p>","protected":false},"author":5,"featured_media":1870,"comment_status":"closed","ping_status":"closed","sticky":false,"template":"","format":"standard","meta":{"_acf_changed":false,"_jetpack_memberships_contains_paid_content":false,"footnotes":""},"categories":[1],"tags":[286,406,60,277,404,56],"class_list":["post-1869","post","type-post","status-publish","format-standard","has-post-thumbnail","hentry","category-allgemein","tag-arts-education-in-transition","tag-curatorial-turn","tag-kunstpaedagogik","tag-kunstvermittlung","tag-lehre","tag-theory-espresso"],"acf":[],"jetpack_featured_media_url":"https:\/\/piaer.net\/wp-content\/uploads\/2021\/02\/Screenshot-40.png","jetpack_sharing_enabled":true,"_links":{"self":[{"href":"https:\/\/piaer.net\/en\/wp-json\/wp\/v2\/posts\/1869","targetHints":{"allow":["GET"]}}],"collection":[{"href":"https:\/\/piaer.net\/en\/wp-json\/wp\/v2\/posts"}],"about":[{"href":"https:\/\/piaer.net\/en\/wp-json\/wp\/v2\/types\/post"}],"author":[{"embeddable":true,"href":"https:\/\/piaer.net\/en\/wp-json\/wp\/v2\/users\/5"}],"replies":[{"embeddable":true,"href":"https:\/\/piaer.net\/en\/wp-json\/wp\/v2\/comments?post=1869"}],"version-history":[{"count":1,"href":"https:\/\/piaer.net\/en\/wp-json\/wp\/v2\/posts\/1869\/revisions"}],"predecessor-version":[{"id":1871,"href":"https:\/\/piaer.net\/en\/wp-json\/wp\/v2\/posts\/1869\/revisions\/1871"}],"wp:featuredmedia":[{"embeddable":true,"href":"https:\/\/piaer.net\/en\/wp-json\/wp\/v2\/media\/1870"}],"wp:attachment":[{"href":"https:\/\/piaer.net\/en\/wp-json\/wp\/v2\/media?parent=1869"}],"wp:term":[{"taxonomy":"category","embeddable":true,"href":"https:\/\/piaer.net\/en\/wp-json\/wp\/v2\/categories?post=1869"},{"taxonomy":"post_tag","embeddable":true,"href":"https:\/\/piaer.net\/en\/wp-json\/wp\/v2\/tags?post=1869"}],"curies":[{"name":"wp","href":"https:\/\/api.w.org\/{rel}","templated":true}]}}