{"id":1813,"date":"2020-11-11T10:47:44","date_gmt":"2020-11-11T09:47:44","guid":{"rendered":"http:\/\/piaer.net\/?p=1813"},"modified":"2021-04-15T11:47:04","modified_gmt":"2021-04-15T09:47:04","slug":"intermedia-winter-school-vortrag-von-christian-katzenbach-am-25-11-20-regulierung-durch-algorithmen-die-zuschreibung-von-agency-und-das-motiv-der-technischen-loesung-sozi","status":"publish","type":"post","link":"https:\/\/piaer.net\/en\/intermedia-winter-school-vortrag-von-christian-katzenbach-am-25-11-20-regulierung-durch-algorithmen-die-zuschreibung-von-agency-und-das-motiv-der-technischen-loesung-sozi\/","title":{"rendered":"Intermedia Winter School \u2013 Vortrag von Christian Katzenbach am 25.11.20: Regulierung \u201edurch\u201c Algorithmen? Die Zuschreibung von Agency und das Motiv der technischen L\u00f6sung sozialer Probleme"},"content":{"rendered":"<p>Algorithmen werden vielf\u00e4ltige soziale Funktionen zugeschrieben: Vermeintlich entscheiden sie \u00fcber die Vergabe von Krediten, \u00fcber Potenziale auf dem Arbeitsmarkt, den schnellsten Weg zum Ziel und die Relevanz von Nachrichten. Zudem werden sie verantwortlich gemacht f\u00fcr die globale Verbreitung von Misinformation und die Versch\u00e4rfung sozialer Ungleichheiten. Gleichzeitig positionieren viele Unternehmen und manche politische Institutionen weiterhin Algorithmen als ad\u00e4quate L\u00f6sung f\u00fcr soziale Probleme: Facebooks CEO Marc Zuckerberg beantwortete Fragen nach Strategien des Unternehmens zur Bek\u00e4mpfung von Misinformation, Hate Speech und Datendiebstahl mehr als ein dutzend Mal mit \u201eAI will fix this\u201c oder \u201ein the future, we will have technologies in place\u2026\u201c.<\/p>\n\n\n\n<p>Und tats\u00e4chlich nutzen Plattformen tagt\u00e4glich automatisierte Systeme zur Klassifikation von Inhalten, mitunter auch zur direkten Filterung oder Sperrung wie&nbsp;etwa das ContentID auf YouTube. Ob ein solcher \u201ctechnological fix\u201d allerdings die Widerspr\u00fcchlichkeiten in der Regulierung und Ordnung von Plattformen&nbsp;(wie auch in anderen Kontexten) aufl\u00f6sen kann, ist mehr als fraglich.<\/p>\n\n\n\n<p>Der Vortrag rekonstruiert und diskutiert diese Fragen aus einer konzeptuellen Perspektive, die techniksziologische und institutionentheoretische Arbeiten&nbsp;kombiniert. Im Ergebnis wird Regulierung \u201edurch\u201c Algorithmen nicht als technisch-funktionale Entwicklung verstanden, sondern als institutionelle Formation,&nbsp;die technologische Fortschritte (etwa in der Klassifikation von Inhalten) einbettet in diskursive und politische Agenden. Damit wird deutlich, dass wir derzeit&nbsp;eine Institutionalisierung und \u201cInfrastrukturisierung\u201d von algorithmischen Systemen erleben. Damit einher geht die die Gefahr, dass mit der Verlagerung von&nbsp;Entscheidungen \u00fcber umstrittene Inhalte in Technik und Infrastrukturen inh\u00e4rent politische Fragen (etwa um die Grenzen der Meinungsfreiheit) der&nbsp;\u00f6ffentlichen Debatte entzogen und der Entscheidungshoheit von Anbietern \u00fcberlassen werden. Dieser Prozess ist aber keine technisch-funktionale&nbsp;Notwendigkeit, sondern politisch und gesellschaftlich gestaltbar.<\/p>\n\n\n\n<p><a href=\"https:\/\/www.hiig.de\/katzenbach-christian\/\">Dr. Christian Katzenbach<\/a>&nbsp;leitet den Forschungsbereich&nbsp;Internet Policy und Governance&nbsp;und den Programmbereich&nbsp;<a href=\"https:\/\/www.hiig.de\/i-die-entwicklung-der-digitalen-gesellschaft-welche-relevanten-konzepte-und-theoretische-ansaetze-gibt-es\/\">Digitale Gesellschaft<\/a>&nbsp;am Alexander von Humboldt Institut f\u00fcr Internet und Gesellschaft.<a href=\"https:\/\/www.hiig.de\/katzenbach-christian\/\">https:\/\/www.hiig.de\/katzenbach-christian\/<\/a><\/p>\n\n\n\n<p><em>Der Vortrag findet im Rahmen der Winter School Intermedia und der Ringvorlesung Intermedia statt.<\/em><\/p>\n\n\n\n<p>Der Vortrag findet in Form einer Videokonferenz \u00fcber Zoom statt. G\u00e4ste sind herzlich willkommen und erhalten den Link zur Zoom-Veranstaltung unter&nbsp;<a href=\"http:\/\/kunst.uni-koeln.de\/intermedia-winterschool\/lectures\/mittwoch\/\">intermedia.uni-koeln.de\/winterschool<\/a><a href=\"https:\/\/www.google.com\/calendar\/event?action=TEMPLATE&amp;text=Intermedia+Winter+School+-+Christian+Katzenbach%3A+Regulierung+%E2%80%9Edurch%E2%80%9C+Algorithmen%3F+Die+Zuschreibung+von+Agency+und+das+Motiv+der+technischen+L%C3%B6sung+sozialer+Probleme&amp;dates=20201125T180000\/20201125T193000&amp;details=Algorithmen+werden+vielf%C3%A4ltige+soziale+Funktionen+zugeschrieben%3A+Vermeintlich+entscheiden+sie+%C3%BCber+die+Vergabe+von+Krediten%2C+%C3%BCber+Potenziale+auf+dem+Arbeitsmarkt%2C+den+schnellsten+Weg+zum+Ziel+und+die+Relevanz+von+Nachrichten.+Zudem+werden+sie+verantwortlich+gemacht+f%C3%BCr+die+globale+Verbreitung+von+Misinformation+und+die+Versch%C3%A4rfung+sozialer+Ungleichheiten.+Gleichzeitig+positionieren+viele+Unternehmen+und+manche+politische+Institutionen+weiterhin+Algorithmen+als+ad%C3%A4quate+L%C3%B6sung+f%C3%BCr+soziale+Probleme%3A+Facebooks+CEO+Marc+Zuckerberg+beantwortete+Fragen+nach+Strategien+des+Unternehmens+zur+Bek%C3%A4mpfung+von+Misinformation%2C+Hate+Speech+und+Datendiebstahl+mehr+als+ein+dutzend+Mal+mit+%E2%80%9EAI+will+fix+this%E2%80%9C+oder+%E2%80%9Ein+the+future%2C+we+will+have+technologies+in+place%E2%80%A6%E2%80%9C.%0A%0AUnd+tats%C3%A4chlich+nutzen+Plattformen+tagt%C3%A4glich+automatisierte+Systeme+zur+Klassifikation+von+Inhalten%2C+mitunter+auch+zur+direkten+Filterung+oder+Sperrung+wie%C2%A0etwa+das+ContentID+auf+YouTube.+Ob+ein+solcher+%E2%80%9Ctech+%28Komplette+Veranstaltung+Beschreibung+anschauen%3A+http%3A%2F%2Fkunst.uni-koeln.de%2Fevent%2Fkatzenbach251120%2F%29&amp;location=online&amp;trp=false&amp;sprop=website:http:\/\/kunst.uni-koeln.de&amp;ctz=Europe%2FBerlin\">+ Zu Google Kalender hinzuf\u00fcgen<\/a><a href=\"http:\/\/kunst.uni-koeln.de\/event\/katzenbach251120\/?ical=1&amp;tribe_display=\">+ Exportiere iCal<\/a><\/p>\n\n\n\n<h5 class=\"wp-block-heading\">DETAILS<\/h5>\n\n\n\n<p>25. November<br>18:00 &#8211; 19:30 Uhr <\/p>","protected":false},"excerpt":{"rendered":"<p>Algorithmen werden vielf\u00e4ltige soziale Funktionen zugeschrieben: Vermeintlich entscheiden sie \u00fcber die Vergabe von Krediten, \u00fcber Potenziale auf dem Arbeitsmarkt, den schnellsten Weg zum Ziel und die Relevanz von Nachrichten. Zudem werden sie verantwortlich gemacht f\u00fcr die globale Verbreitung von Misinformation und die Versch\u00e4rfung sozialer Ungleichheiten. Gleichzeitig positionieren viele Unternehmen und manche politische Institutionen weiterhin Algorithmen [&hellip;]<\/p>\n","protected":false},"author":5,"featured_media":1816,"comment_status":"closed","ping_status":"closed","sticky":false,"template":"","format":"standard","meta":{"_acf_changed":false,"_jetpack_memberships_contains_paid_content":false,"footnotes":""},"categories":[1],"tags":[346,366,343,141,100,367,365,347],"class_list":["post-1813","post","type-post","status-publish","format-standard","has-post-thumbnail","hentry","category-allgemein","tag-algorithmic-agency","tag-infrastruktur","tag-institution","tag-intermedia","tag-intermedia-ringvorlesung","tag-meinungsfreiheit","tag-soziale-ungleichheit","tag-winter-school"],"acf":[],"jetpack_featured_media_url":"https:\/\/piaer.net\/wp-content\/uploads\/2020\/11\/mechanicalturk-e1605018032252.png","jetpack_sharing_enabled":true,"_links":{"self":[{"href":"https:\/\/piaer.net\/en\/wp-json\/wp\/v2\/posts\/1813","targetHints":{"allow":["GET"]}}],"collection":[{"href":"https:\/\/piaer.net\/en\/wp-json\/wp\/v2\/posts"}],"about":[{"href":"https:\/\/piaer.net\/en\/wp-json\/wp\/v2\/types\/post"}],"author":[{"embeddable":true,"href":"https:\/\/piaer.net\/en\/wp-json\/wp\/v2\/users\/5"}],"replies":[{"embeddable":true,"href":"https:\/\/piaer.net\/en\/wp-json\/wp\/v2\/comments?post=1813"}],"version-history":[{"count":1,"href":"https:\/\/piaer.net\/en\/wp-json\/wp\/v2\/posts\/1813\/revisions"}],"predecessor-version":[{"id":1815,"href":"https:\/\/piaer.net\/en\/wp-json\/wp\/v2\/posts\/1813\/revisions\/1815"}],"wp:featuredmedia":[{"embeddable":true,"href":"https:\/\/piaer.net\/en\/wp-json\/wp\/v2\/media\/1816"}],"wp:attachment":[{"href":"https:\/\/piaer.net\/en\/wp-json\/wp\/v2\/media?parent=1813"}],"wp:term":[{"taxonomy":"category","embeddable":true,"href":"https:\/\/piaer.net\/en\/wp-json\/wp\/v2\/categories?post=1813"},{"taxonomy":"post_tag","embeddable":true,"href":"https:\/\/piaer.net\/en\/wp-json\/wp\/v2\/tags?post=1813"}],"curies":[{"name":"wp","href":"https:\/\/api.w.org\/{rel}","templated":true}]}}