{"id":1156,"date":"2019-04-28T17:45:51","date_gmt":"2019-04-28T15:45:51","guid":{"rendered":"http:\/\/piaer.net\/?p=1156"},"modified":"2021-04-15T11:52:49","modified_gmt":"2021-04-15T09:52:49","slug":"tagung-mikroformate-mediale-kleinstformate-zwischen-re-produktion-und-wahrnehmung-27-29-6-19","status":"publish","type":"post","link":"https:\/\/piaer.net\/en\/tagung-mikroformate-mediale-kleinstformate-zwischen-re-produktion-und-wahrnehmung-27-29-6-19\/","title":{"rendered":"\u00bbMikroformate\u00ab Tagung am 27.-29.6.19"},"content":{"rendered":"<p>Die Tagung besch\u00e4ftigt sich mit \u00e4sthetischen Formen der Verk\u00fcrzung und Verdichtung, wie sie sich in den aktuellen Rezeptionspraktiken der Medienkultur (aber nicht nur da) beobachten lassen. Die kurze Form, wie sie beispielsweise schon Roland Barthes im Medium der Schrift reflektierte, ist in den vergangenen Jahren in den Kultur- und Medienwissenschaften extensiv f\u00fcr andere mediale Formate diskutiert worden. Wir wollen an diesen Diskurs ankn\u00fcpfen und dabei gleichsam den Fokus verschieben, indem wir neben kurzen Mikroformaten vor allem auch die \u00e4sthetischen \u201eMikropraktiken\u201c der Rezipient*innen in den Blick nehmen. Gegenw\u00e4rtig finden sich zahlreiche medienkulturelle Ph\u00e4nomene, die sich als Mikroformate verstehen lassen \u2013 z.B. Gifs, Meme, Micromovies, Samples, Lernh\u00e4ppchen u.a.m. Diesen kurzen Formen der Gestaltung und Wahrnehmung wollen wir uns aus theoretischer und empirischer Sicht ann\u00e4hern. Gerade bei aktuellen Rezeptionspraktiken im Internet State of Mind (Chan), bei denen Mikroformatierungen \u2013 unabh\u00e4ngig von der Ausgangsl\u00e4nge der Materialien \u2013 zu beobachten sind, gilt es, die Rezeptions- mit der Produktions- bzw. Produzent*innenperspektive zu verkn\u00fcpfen. Bei der Tagungskonzeption gehen wir daher von einem komplexen und wechselseitigen Bestimmungsverh\u00e4ltnis von Rezeptionspraktiken und der Weiterentwicklung von Medienformaten und (Re-)Produktionspraxen aus. Die Tagung wird von Studierenden verschiedener Studieng\u00e4nge (Intermedia, Kunst, Musik) inhaltlich aktiv mitgestaltet.<\/p>\n\n\n\n<p>Mit Beitr\u00e4gen und Workshops u.a. von Patrick Bettinger, Lisa Gotto, Theo Hug, Kai Kaspar, Helmke Jan Keden, Katja Lell, Daniela Neuhaus, Matthias Padszierny, Stephan Porombka, Noemie St\u00e4hli, Niclas Stockel.<\/p>\n\n\n\n<p>Konzept und Organisation: Patrick Bettinger, Sandra Hofhues, Kai Kaspar, Peter Moormann und Manuel Zahn<br>Gif-Animation: Balduin Allroggen<\/p>\n\n\n\n<p>Weitere Informationen zur Veranstaltung und der Anmeldung finden sich in K\u00fcrze unter:&nbsp;<a href=\"http:\/\/kunst.uni-koeln.de\/mikroformate\/\">kunst.uni-koeln.de\/mikroformate<\/a><\/p>\n\n\n\n<hr class=\"wp-block-separator\"\/>\n\n\n\n<p>Universit\u00e4t zu K\u00f6ln<\/p>\n\n\n\n<div class=\"wp-block-image\"><figure class=\"aligncenter\"><img decoding=\"async\" src=\"http:\/\/kunst.uni-koeln.de\/mikroformate\/wp-content\/uploads\/sites\/11\/2019\/04\/proxy.duckduckgo.com_.jpg\" alt=\"\" class=\"wp-image-86\"\/><\/figure><\/div>","protected":false},"excerpt":{"rendered":"<p>Die Tagung besch\u00e4ftigt sich mit \u00e4sthetischen Formen der Verk\u00fcrzung und Verdichtung, wie sie sich in den aktuellen Rezeptionspraktiken der Medienkultur (aber nicht nur da) beobachten lassen. Die kurze Form, wie sie beispielsweise schon Roland Barthes im Medium der Schrift reflektierte, ist in den vergangenen Jahren in den Kultur- und Medienwissenschaften extensiv f\u00fcr andere mediale Formate [&hellip;]<\/p>\n","protected":false},"author":5,"featured_media":1150,"comment_status":"closed","ping_status":"closed","sticky":false,"template":"","format":"standard","meta":{"_acf_changed":false,"_jetpack_memberships_contains_paid_content":false,"footnotes":""},"categories":[1,417],"tags":[22,21,43,98,31,96,99,27,97],"class_list":["post-1156","post","type-post","status-publish","format-standard","has-post-thumbnail","hentry","category-allgemein","category-veranstaltungen","tag-digitalisierung","tag-digitalitaet","tag-internet","tag-kleinstformate","tag-medienkultur","tag-mikroformate","tag-mikropraktiken","tag-post-internet","tag-tagung"],"acf":[],"jetpack_featured_media_url":"https:\/\/piaer.net\/wp-content\/uploads\/2019\/04\/Loop05_o_c-e1556969778426.gif","jetpack_sharing_enabled":true,"_links":{"self":[{"href":"https:\/\/piaer.net\/en\/wp-json\/wp\/v2\/posts\/1156","targetHints":{"allow":["GET"]}}],"collection":[{"href":"https:\/\/piaer.net\/en\/wp-json\/wp\/v2\/posts"}],"about":[{"href":"https:\/\/piaer.net\/en\/wp-json\/wp\/v2\/types\/post"}],"author":[{"embeddable":true,"href":"https:\/\/piaer.net\/en\/wp-json\/wp\/v2\/users\/5"}],"replies":[{"embeddable":true,"href":"https:\/\/piaer.net\/en\/wp-json\/wp\/v2\/comments?post=1156"}],"version-history":[{"count":10,"href":"https:\/\/piaer.net\/en\/wp-json\/wp\/v2\/posts\/1156\/revisions"}],"predecessor-version":[{"id":1177,"href":"https:\/\/piaer.net\/en\/wp-json\/wp\/v2\/posts\/1156\/revisions\/1177"}],"wp:featuredmedia":[{"embeddable":true,"href":"https:\/\/piaer.net\/en\/wp-json\/wp\/v2\/media\/1150"}],"wp:attachment":[{"href":"https:\/\/piaer.net\/en\/wp-json\/wp\/v2\/media?parent=1156"}],"wp:term":[{"taxonomy":"category","embeddable":true,"href":"https:\/\/piaer.net\/en\/wp-json\/wp\/v2\/categories?post=1156"},{"taxonomy":"post_tag","embeddable":true,"href":"https:\/\/piaer.net\/en\/wp-json\/wp\/v2\/tags?post=1156"}],"curies":[{"name":"wp","href":"https:\/\/api.w.org\/{rel}","templated":true}]}}